{"id":2199,"date":"2022-09-05T14:43:56","date_gmt":"2022-09-05T14:43:56","guid":{"rendered":"https:\/\/www.aimondo.ag\/?p=2199"},"modified":"2022-09-05T14:43:56","modified_gmt":"2022-09-05T14:43:56","slug":"schweizer-zentralisierung-abgeschlossen","status":"publish","type":"post","link":"https:\/\/www.aimondo.ag\/de\/schweizer-zentralisierung-abgeschlossen\/","title":{"rendered":"Schweizer Zentralisierung abgeschlossen"},"content":{"rendered":"<p>In Deutschland sind danach Dienstleistungsbestandteile der Programmierung sowie der deutschsprachige Kundendienst direkt unter dem Dach der Schweizer Aktiengesellschaft. Ein weiteres Unternehmen erledigt bereits seit \u00fcber zwei Jahren Teile der Anlegerbetreuung, des Marketings sowie Planungsdienste f\u00fcr die Gr\u00fcndungsaktion\u00e4rin und die Schweizer Aimondo-Zentrale. Der \u00dcbergang erfolgte nahtlos. Plan ist es, auch dieses Unternehmen formell als solches oder dessen Aufgaben zu integrieren. Damit ist dann die operative Gesamtstruktur noch schlanker, also auch f\u00fcr das k\u00fcnftige B\u00f6rsenlisting als ganzheitliches Gebilde bestens ger\u00fcstet.<\/p>\n<p>Ren\u00e9 Gr\u00fcbel, Vorsitzender des Verwaltungsrates der Aimondo AG erkl\u00e4rte bereits vor einigen Wochen in einer Pressemitteilung: \u201cDie Ausrichtung Aimondos war vom ersten Tag an international. Jetzt beginnt die Fokussierung auf die europ\u00e4ischen M\u00e4rkte Fr\u00fcchte zu tragen. Dadurch wird neben der Erschlie\u00dfung zus\u00e4tzlicher Absatzkan\u00e4le auch die Stabilit\u00e4t unabh\u00e4ngig von lokalen Entwicklungen verbessert. Zudem hat die Schweiz weltweit einen erstklassigen Ruf als verl\u00e4sslicher, innovativer und vertrauensw\u00fcrdiger Digitalpartner.\u201c Nicht zuletzt z\u00e4hlt Z\u00fcrich im diesj\u00e4hrigen Ranking der \u00abEconomist\u00bb-Gruppe mit Platz 3 hinter Wien und Kopenhagen zu den weltweit lebenswertesten St\u00e4dten.<\/p>\n<p>Dass die Rechtverwaltung der Software weiterhin bei der Gr\u00fcndungsgesellschafterin TTIP Ltd. in Nicosia bleibt, hat f\u00fcr Aimondos Gr\u00fcnder Tradition und wird durch die entwicklerfreundliche IP-Regelung der Republik Zypern beg\u00fcnstigt. So soll die weitere Produktentwicklung in Z\u00fcrich neben D\u00fcsseldorf in der Digitalhochburg Limassol der internationale Teil des Entwicklerteams einen attraktiven Lebens- und Koordinationsort vervollst\u00e4ndigt werden. Heinrich Muller, Gr\u00fcnder und CEO betont: \u201eF\u00fcr den weiteren Ausbau des von mir schon seit gut zehn Jahren programmierten Kerns K\u00fcnstlicher Intelligenz sind die besten Fachleute gefragt. Und die ziehen wir leichter in den Mittelmeerraum als nach Deutschland und g\u00fcnstiger als in die Schweiz. Zudem ist das regulatorische Umfeld gerade f\u00fcr den Bereich IP (Anm.: Intellectual Property) und auch f\u00fcr internationale Investoren eine ganz besonders interessante Destination. Das Copyrightmanagement lag ohnehin bereits seit 2016 in der Gr\u00fcndungsgesellschaft der Aimondo AG. Seit 2018 halten wir das rechtliche Ger\u00fcst f\u00fcr eine dortige Technologie-Entwicklung bereits als eigene Gesellschaft vor.\u201c<\/p>\n<p>Damit ist die Grundstruktur klar und f\u00fcr die Unternehmenspartnerschaften rechtlich und wirtschaftlich sehr transparent. Die Aimondo AG in Z\u00fcrich bildet den Kopf und die Vertriebe in den einzelnen L\u00e4ndern arbeiten ihr zu. Ebenso wie die Entwicklungsteams. Die zum Teil weltweit aufgestellten Gesch\u00e4ftskunden haben es administrativ und rechtlich nur noch mit einer zentralen Stelle zu tun. Die aktive praktische Betreuung findet weiter landessprachlich vor Ort oder von dediziert zugeordneten L\u00e4nderdesks aus statt.<\/p>\n<p>In einer Zeit, in der sich ohnehin die Frage nach einer physischen Zentrale nicht mehr stellt, ist das eine Bridge-Struktur hin zum global vernetzten virtuell strukturierten Unternehmen. \u201eDer beste Ort zum Arbeiten ist der, den ich mir selbst aussuche\u201c findet der Harvard-Professor Raj Choudhury im Interview mit dem Wirtschaftsmagazin brandeins (Ausgabe 4\/22). Ob es daf\u00fcr einer physischen Zentrale bedarf, steht zur Diskussion. Und ob diese dann in D\u00fcsseldorf, Z\u00fcrich, Limassol oder v\u00f6llig virtuell angelegt ist, wird sich zeigen. Die baltischen Statten verfolgen mit der e-citizenship einen sehr interessanten Ansatz, den neuen digital organisierten Unternehmen eine virtuelle Heimat zu bieten.<\/p>\n<p>Stephan A. Jansen, Professor f\u00fcr Management, Innovation und Finanzierung an der Karlshochschule in Karlsruhe und Stiftungsgastprofessor f\u00fcr Urban Innovation an der Universit\u00e4t der K\u00fcnste Berlin erg\u00e4nzt l\u00e4sst sich von der brandeins so zitieren: \u201eEs wird einerseits analoger, also kopr\u00e4senter in der Zentrale, die gleichzeitig Event-Fl\u00e4che, Gastronomie, Bar, Tanzsaal, Sportclub, Universit\u00e4t, Design- und Medienhaus ist. Und die Unternehmen werden andrerseits einen klugen digitalen Zwilling erhalten, mit dem man sich in seinem heimeligen B\u00fcro mit Haustieren, Pflanzen und professionelleren Heimvideostudios ungest\u00f6rt und selbstbestimmt verwirklichen kann \u2013 genau so, als w\u00e4re man vor Ort. Auch wenn die einen noch nie davon geh\u00f6rt haben und die anderen es schon nicht mehr ernst nehmen: Metaversen k\u00f6nnten als digitaler Zwilling tats\u00e4chlich eine Zukunft haben.\u201c<\/p>\n<p>Bis auf das technische Kernteam, so sagt M\u00fcller ist es so: \u201eDie Leute, die wir wollen, haben schon einen Job. Deshalb m\u00fcssen wir ihnen etwas bieten, das ihnen kein anderer bietet.\u201c Und orientiert sich dabei auch an Elise M\u00fcller von Spryker, die dort neue Arbeitswelten verantwortet. Heute k\u00f6nnen dort alle knapp 500 Besch\u00e4ftigten arbeiten, von wo und wann sie wollen. Die Rangfolge laut M\u00fcller ist: \u201eRemote First, alle Meetings finden digital statt\u201c Elise M\u00fcller selbst sitzt beim Videogespr\u00e4ch mit brandeins im T-Shirt vor dem Rechner, im Hintergrund sattgr\u00fcne Vegetation. Sie hatte sich von San Jos\u00e9, Costa Rica, zugeschaltet.<\/p>\n<p>Eine Arbeitsweise die ihr Namensvetter bei Aimondo ebenfalls auch selbst praktiziert. Seit Jahren schaltet er sich in Dauerkonferenzen mit den Teams zusammen. Aus D\u00fcsseldorf, Wien, Los Angeles oder Nikosia. In einer klassischen Struktur w\u00e4re er wohl B\u00fcrgermeister eines Global Village im Modell des MIT Professors Marshall McLuhan, der den Begriff schon vor 60 Jahren in seinem Buch \u201eDie Gutenberg-Galaxis\u201c pr\u00e4gte.<\/p>\n","protected":false},"excerpt":{"rendered":"<p>In Deutschland sind danach Dienstleistungsbestandteile der Programmierung sowie der deutschsprachige Kundendienst direkt unter dem Dach der Schweizer Aktiengesellschaft. Ein weiteres Unternehmen erledigt bereits seit \u00fcber zwei Jahren Teile der Anlegerbetreuung, des Marketings sowie Planungsdienste f\u00fcr die Gr\u00fcndungsaktion\u00e4rin und die Schweizer Aimondo-Zentrale. Der \u00dcbergang erfolgte nahtlos. Plan ist es, auch dieses Unternehmen formell als solches oder &#8230;<\/p>\n","protected":false},"author":2,"featured_media":0,"comment_status":"open","ping_status":"open","sticky":false,"template":"","format":"standard","meta":{"footnotes":""},"categories":[4],"tags":[],"class_list":["post-2199","post","type-post","status-publish","format-standard","hentry","category-unkategorisiert"],"_links":{"self":[{"href":"https:\/\/www.aimondo.ag\/de\/wp-json\/wp\/v2\/posts\/2199\/"}],"collection":[{"href":"https:\/\/www.aimondo.ag\/de\/wp-json\/wp\/v2\/posts\/"}],"about":[{"href":"https:\/\/www.aimondo.ag\/de\/wp-json\/wp\/v2\/types\/post\/"}],"author":[{"embeddable":true,"href":"https:\/\/www.aimondo.ag\/de\/wp-json\/wp\/v2\/users\/2\/"}],"replies":[{"embeddable":true,"href":"https:\/\/www.aimondo.ag\/de\/wp-json\/wp\/v2\/comments\/?post=2199"}],"version-history":[{"count":1,"href":"https:\/\/www.aimondo.ag\/de\/wp-json\/wp\/v2\/posts\/2199\/revisions\/"}],"predecessor-version":[{"id":2200,"href":"https:\/\/www.aimondo.ag\/de\/wp-json\/wp\/v2\/posts\/2199\/revisions\/2200\/"}],"wp:attachment":[{"href":"https:\/\/www.aimondo.ag\/de\/wp-json\/wp\/v2\/media\/?parent=2199"}],"wp:term":[{"taxonomy":"category","embeddable":true,"href":"https:\/\/www.aimondo.ag\/de\/wp-json\/wp\/v2\/categories\/?post=2199"},{"taxonomy":"post_tag","embeddable":true,"href":"https:\/\/www.aimondo.ag\/de\/wp-json\/wp\/v2\/tags\/?post=2199"}],"curies":[{"name":"wp","href":"https:\/\/api.w.org\/{rel}","templated":true}]}}